{"id":11250,"date":"2018-12-07T14:46:44","date_gmt":"2018-12-07T13:46:44","guid":{"rendered":"https:\/\/www.stabalux.com\/jardin-dhiver\/"},"modified":"2025-04-01T00:25:03","modified_gmt":"2025-03-31T22:25:03","slug":"jardin-dhiver","status":"publish","type":"post","link":"https:\/\/stabalux.com\/fr\/jardin-dhiver\/","title":{"rendered":"Jardin d&rsquo;hiver"},"content":{"rendered":"\n<style type=\"text\/css\" data-created_by=\"avia_inline_auto\" id=\"style-css-av-985aba-334b4eb584a6254435ff73e528fc86a3\">\n.flex_column.av-985aba-334b4eb584a6254435ff73e528fc86a3{\nborder-radius:0px 0px 0px 0px;\npadding:0px 0px 0px 0px;\n}\n<\/style>\n<div  class='flex_column av-985aba-334b4eb584a6254435ff73e528fc86a3 av_one_full  avia-builder-el-0  el_before_av_one_full  avia-builder-el-first  first flex_column_div av-zero-column-padding  '     ><div  class='avia-slideshow av-7uby4m-356f6b8b946a5e7bc936bf261223c1df avia-slideshow-no scaling av_slideshow avia-slide-slider  avia-builder-el-1  avia-builder-el-no-sibling  av-slideshow-ui av-control-default av-slideshow-manual av-loop-once av-loop-manual-endless av-default-height-applied avia-slideshow-1' data-slideshow-options=\"{&quot;animation&quot;:&quot;slide&quot;,&quot;autoplay&quot;:false,&quot;loop_autoplay&quot;:&quot;once&quot;,&quot;interval&quot;:5,&quot;loop_manual&quot;:&quot;manual-endless&quot;,&quot;autoplay_stopper&quot;:false,&quot;noNavigation&quot;:false,&quot;bg_slider&quot;:false,&quot;keep_padding&quot;:false,&quot;hoverpause&quot;:false,&quot;show_slide_delay&quot;:0}\"  itemprop=\"image\" itemscope=\"itemscope\" itemtype=\"https:\/\/schema.org\/ImageObject\" ><ul class='avia-slideshow-inner ' style='padding-bottom: 64.681724845996%;'><li  class='avia-slideshow-slide av-7uby4m-356f6b8b946a5e7bc936bf261223c1df__0  slide-1 slide-odd'><div data-rel='slideshow-1' class='avia-slide-wrap '   ><img fetchpriority=\"high\" decoding=\"async\" fetchpriority=\"high\" fetchpriority=\"high\" class=\"wp-image-13647 avia-img-lazy-loading-not-13647\"  src=\"https:\/\/stabalux.com\/wp-content\/uploads\/2018\/12\/Bilder-Beitrag-Wintergarten-Matata_5.png\" width=\"974\" height=\"630\" title='Bilder Beitrag Wintergarten Matata_5' alt=''  itemprop=\"thumbnailUrl\" srcset=\"https:\/\/stabalux.com\/wp-content\/uploads\/2018\/12\/Bilder-Beitrag-Wintergarten-Matata_5.png 974w, https:\/\/stabalux.com\/wp-content\/uploads\/2018\/12\/Bilder-Beitrag-Wintergarten-Matata_5-300x194.png 300w, https:\/\/stabalux.com\/wp-content\/uploads\/2018\/12\/Bilder-Beitrag-Wintergarten-Matata_5-768x497.png 768w, https:\/\/stabalux.com\/wp-content\/uploads\/2018\/12\/Bilder-Beitrag-Wintergarten-Matata_5-705x456.png 705w\" sizes=\"(max-width: 974px) 100vw, 974px\" \/><\/div><\/li><li  class='avia-slideshow-slide av-7uby4m-356f6b8b946a5e7bc936bf261223c1df__1  slide-2 slide-even'><div data-rel='slideshow-1' class='avia-slide-wrap '   ><img fetchpriority=\"high\" decoding=\"async\" fetchpriority=\"high\" fetchpriority=\"high\" class=\"wp-image-13648 avia-img-lazy-loading-not-13648\"  src=\"https:\/\/stabalux.com\/wp-content\/uploads\/2018\/12\/Bilder-Beitrag-Wintergarten-Matata_6.png\" width=\"974\" height=\"630\" title='Bilder Beitrag Wintergarten Matata_6' alt=''  itemprop=\"thumbnailUrl\" srcset=\"https:\/\/stabalux.com\/wp-content\/uploads\/2018\/12\/Bilder-Beitrag-Wintergarten-Matata_6.png 974w, https:\/\/stabalux.com\/wp-content\/uploads\/2018\/12\/Bilder-Beitrag-Wintergarten-Matata_6-300x194.png 300w, https:\/\/stabalux.com\/wp-content\/uploads\/2018\/12\/Bilder-Beitrag-Wintergarten-Matata_6-768x497.png 768w, https:\/\/stabalux.com\/wp-content\/uploads\/2018\/12\/Bilder-Beitrag-Wintergarten-Matata_6-705x456.png 705w\" sizes=\"(max-width: 974px) 100vw, 974px\" \/><\/div><\/li><li  class='avia-slideshow-slide av-7uby4m-356f6b8b946a5e7bc936bf261223c1df__2  slide-3 slide-odd'><div data-rel='slideshow-1' class='avia-slide-wrap '   ><img fetchpriority=\"high\" decoding=\"async\" fetchpriority=\"high\" fetchpriority=\"high\" class=\"wp-image-13646 avia-img-lazy-loading-not-13646\"  src=\"https:\/\/stabalux.com\/wp-content\/uploads\/2018\/12\/Bilder-Beitrag-Wintergarten-Matata_4.png\" width=\"974\" height=\"630\" title='Bilder Beitrag Wintergarten Matata_4' alt=''  itemprop=\"thumbnailUrl\" srcset=\"https:\/\/stabalux.com\/wp-content\/uploads\/2018\/12\/Bilder-Beitrag-Wintergarten-Matata_4.png 974w, https:\/\/stabalux.com\/wp-content\/uploads\/2018\/12\/Bilder-Beitrag-Wintergarten-Matata_4-300x194.png 300w, https:\/\/stabalux.com\/wp-content\/uploads\/2018\/12\/Bilder-Beitrag-Wintergarten-Matata_4-768x497.png 768w, https:\/\/stabalux.com\/wp-content\/uploads\/2018\/12\/Bilder-Beitrag-Wintergarten-Matata_4-705x456.png 705w\" sizes=\"(max-width: 974px) 100vw, 974px\" \/><\/div><\/li><li  class='avia-slideshow-slide av-7uby4m-356f6b8b946a5e7bc936bf261223c1df__3  slide-4 slide-even'><div data-rel='slideshow-1' class='avia-slide-wrap '   ><img fetchpriority=\"high\" decoding=\"async\" fetchpriority=\"high\" fetchpriority=\"high\" class=\"wp-image-13649 avia-img-lazy-loading-not-13649\"  src=\"https:\/\/stabalux.com\/wp-content\/uploads\/2018\/12\/Bilder-Beitrag-Wintergarten-Matata_7.png\" width=\"974\" height=\"630\" title='Bilder Beitrag Wintergarten Matata_7' alt=''  itemprop=\"thumbnailUrl\" srcset=\"https:\/\/stabalux.com\/wp-content\/uploads\/2018\/12\/Bilder-Beitrag-Wintergarten-Matata_7.png 974w, https:\/\/stabalux.com\/wp-content\/uploads\/2018\/12\/Bilder-Beitrag-Wintergarten-Matata_7-300x194.png 300w, https:\/\/stabalux.com\/wp-content\/uploads\/2018\/12\/Bilder-Beitrag-Wintergarten-Matata_7-768x497.png 768w, https:\/\/stabalux.com\/wp-content\/uploads\/2018\/12\/Bilder-Beitrag-Wintergarten-Matata_7-705x456.png 705w\" sizes=\"(max-width: 974px) 100vw, 974px\" \/><\/div><\/li><li  class='avia-slideshow-slide av-7uby4m-356f6b8b946a5e7bc936bf261223c1df__4  slide-5 slide-odd'><div data-rel='slideshow-1' class='avia-slide-wrap '   ><img fetchpriority=\"high\" decoding=\"async\" fetchpriority=\"high\" fetchpriority=\"high\" class=\"wp-image-13643 avia-img-lazy-loading-not-13643\"  src=\"https:\/\/stabalux.com\/wp-content\/uploads\/2018\/12\/Bilder-Beitrag-Wintergarten-Matata_1.png\" width=\"974\" height=\"630\" title='Bilder Beitrag Wintergarten Matata_1' alt=''  itemprop=\"thumbnailUrl\" srcset=\"https:\/\/stabalux.com\/wp-content\/uploads\/2018\/12\/Bilder-Beitrag-Wintergarten-Matata_1.png 974w, https:\/\/stabalux.com\/wp-content\/uploads\/2018\/12\/Bilder-Beitrag-Wintergarten-Matata_1-300x194.png 300w, https:\/\/stabalux.com\/wp-content\/uploads\/2018\/12\/Bilder-Beitrag-Wintergarten-Matata_1-768x497.png 768w, https:\/\/stabalux.com\/wp-content\/uploads\/2018\/12\/Bilder-Beitrag-Wintergarten-Matata_1-705x456.png 705w\" sizes=\"(max-width: 974px) 100vw, 974px\" \/><\/div><\/li><li  class='avia-slideshow-slide av-7uby4m-356f6b8b946a5e7bc936bf261223c1df__5  slide-6 slide-even'><div data-rel='slideshow-1' class='avia-slide-wrap '   ><img fetchpriority=\"high\" decoding=\"async\" fetchpriority=\"high\" fetchpriority=\"high\" class=\"wp-image-13644 avia-img-lazy-loading-not-13644\"  src=\"https:\/\/stabalux.com\/wp-content\/uploads\/2018\/12\/Bilder-Beitrag-Wintergarten-Matata_2.png\" width=\"974\" height=\"630\" title='Bilder Beitrag Wintergarten Matata_2' alt=''  itemprop=\"thumbnailUrl\" srcset=\"https:\/\/stabalux.com\/wp-content\/uploads\/2018\/12\/Bilder-Beitrag-Wintergarten-Matata_2.png 974w, https:\/\/stabalux.com\/wp-content\/uploads\/2018\/12\/Bilder-Beitrag-Wintergarten-Matata_2-300x194.png 300w, https:\/\/stabalux.com\/wp-content\/uploads\/2018\/12\/Bilder-Beitrag-Wintergarten-Matata_2-768x497.png 768w, https:\/\/stabalux.com\/wp-content\/uploads\/2018\/12\/Bilder-Beitrag-Wintergarten-Matata_2-705x456.png 705w\" sizes=\"(max-width: 974px) 100vw, 974px\" \/><\/div><\/li><li  class='avia-slideshow-slide av-7uby4m-356f6b8b946a5e7bc936bf261223c1df__6  slide-7 slide-odd'><div data-rel='slideshow-1' class='avia-slide-wrap '   ><img fetchpriority=\"high\" decoding=\"async\" fetchpriority=\"high\" fetchpriority=\"high\" class=\"wp-image-13645 avia-img-lazy-loading-not-13645\"  src=\"https:\/\/stabalux.com\/wp-content\/uploads\/2018\/12\/Bilder-Beitrag-Wintergarten-Matata_3.png\" width=\"974\" height=\"630\" title='Bilder Beitrag Wintergarten Matata_3' alt=''  itemprop=\"thumbnailUrl\" srcset=\"https:\/\/stabalux.com\/wp-content\/uploads\/2018\/12\/Bilder-Beitrag-Wintergarten-Matata_3.png 974w, https:\/\/stabalux.com\/wp-content\/uploads\/2018\/12\/Bilder-Beitrag-Wintergarten-Matata_3-300x194.png 300w, https:\/\/stabalux.com\/wp-content\/uploads\/2018\/12\/Bilder-Beitrag-Wintergarten-Matata_3-768x497.png 768w, https:\/\/stabalux.com\/wp-content\/uploads\/2018\/12\/Bilder-Beitrag-Wintergarten-Matata_3-705x456.png 705w\" sizes=\"(max-width: 974px) 100vw, 974px\" \/><\/div><\/li><\/ul><div class='avia-slideshow-arrows avia-slideshow-controls' ><a href='#prev' class='prev-slide  avia-svg-icon avia-font-svg_entypo-fontello' data-av_svg_icon='left-open-big' data-av_iconset='svg_entypo-fontello' tabindex='-1' title=\"Pr\u00e9c\u00e9dent\"><svg version=\"1.1\" xmlns=\"http:\/\/www.w3.org\/2000\/svg\" width=\"15\" height=\"32\" viewBox=\"0 0 15 32\" preserveAspectRatio=\"xMidYMid meet\" aria-labelledby='av-svg-title-1' aria-describedby='av-svg-desc-1' role=\"graphics-symbol\" aria-hidden=\"true\">\n<title id='av-svg-title-1'>Pr\u00e9c\u00e9dent<\/title>\n<desc id='av-svg-desc-1'>Pr\u00e9c\u00e9dent<\/desc>\n<path d=\"M14.464 27.84q0.832 0.832 0 1.536-0.832 0.832-1.536 0l-12.544-12.608q-0.768-0.768 0-1.6l12.544-12.608q0.704-0.832 1.536 0 0.832 0.704 0 1.536l-11.456 11.904z\"><\/path>\n<\/svg><span class='avia_hidden_link_text'>Pr\u00e9c\u00e9dent<\/span><\/a><a href='#next' class='next-slide  avia-svg-icon avia-font-svg_entypo-fontello' data-av_svg_icon='right-open-big' data-av_iconset='svg_entypo-fontello' tabindex='-1' title=\"Suivant\"><svg version=\"1.1\" xmlns=\"http:\/\/www.w3.org\/2000\/svg\" width=\"15\" height=\"32\" viewBox=\"0 0 15 32\" preserveAspectRatio=\"xMidYMid meet\" aria-labelledby='av-svg-title-2' aria-describedby='av-svg-desc-2' role=\"graphics-symbol\" aria-hidden=\"true\">\n<title id='av-svg-title-2'>Suivant<\/title>\n<desc id='av-svg-desc-2'>Suivant<\/desc>\n<path d=\"M0.416 27.84l11.456-11.84-11.456-11.904q-0.832-0.832 0-1.536 0.832-0.832 1.536 0l12.544 12.608q0.768 0.832 0 1.6l-12.544 12.608q-0.704 0.832-1.536 0-0.832-0.704 0-1.536z\"><\/path>\n<\/svg><span class='avia_hidden_link_text'>Suivant<\/span><\/a><\/div><div class='avia-slideshow-dots avia-slideshow-controls'><a href='#1' class='goto-slide active' >1<\/a><a href='#2' class='goto-slide ' >2<\/a><a href='#3' class='goto-slide ' >3<\/a><a href='#4' class='goto-slide ' >4<\/a><a href='#5' class='goto-slide ' >5<\/a><a href='#6' class='goto-slide ' >6<\/a><a href='#7' class='goto-slide ' >7<\/a><\/div><\/div><\/div>\n\n<style type=\"text\/css\" data-created_by=\"avia_inline_auto\" id=\"style-css-av-5oi5xi-24921937e4ee78eb9552fdbf67c05507\">\n.flex_column.av-5oi5xi-24921937e4ee78eb9552fdbf67c05507{\nborder-radius:0px 0px 0px 0px;\npadding:0px 0px 0px 0px;\n}\n<\/style>\n<div  class='flex_column av-5oi5xi-24921937e4ee78eb9552fdbf67c05507 av_one_full  avia-builder-el-2  el_after_av_one_full  el_before_av_one_full  first flex_column_div av-zero-column-padding  column-top-margin'     ><section  class='av_textblock_section av-3ugrie-49eb20ed561c74b16abc95377f2e4d49 '   itemscope=\"itemscope\" itemtype=\"https:\/\/schema.org\/BlogPosting\" itemprop=\"blogPost\" ><div class='avia_textblock'  itemprop=\"text\" ><h3>Stabalux H\u00a0<span lang=\"fr\">gagnant<\/span>!<\/h3>\n<p>La menuiserie belge <a href=\"http:\/\/www.bourdeaudhui.com\/\">Bourdeaud\u00b4hui<\/a> a remport\u00e9 cette ann\u00e9e le <a href=\"http:\/\/schrijnwerk.pmg.be\/nl\/show_miu_sawards\/EVSbe1824W00_N_00\/winnaars-schrijnwerk-awards-2018?kw=schrijnwerk%20awards\">\u00ab schreinwerk* Award 2018 \u00bb<\/a> pour la construction d\u00b4une veranda.<br \/>\nLa construction a \u00e9t\u00e9 enti\u00e8rement r\u00e9alis\u00e9 sous la forme de fa\u00e7ade mur rideau bois avec notre syst\u00e8me Stabalux H. Les Awards \u00ab schreinwerk \u00bb sont une initiative de la revue \u00ab schrijnwerk \u00bb du groupe Professional Media.<br \/>\nDepuis 2005, les prix r\u00e9compensent le savoir-faire et l\u2019innovation dans le secteur belge de la menuiserie et de la construction int\u00e9rieure.<\/p>\n<p><em>*menuiserie<\/em><\/p>\n<p>Photos\u00a0: Tom Janssen<\/p>\n<p>&nbsp;<\/p>\n<\/div><\/section><\/div>\n<style type=\"text\/css\" data-created_by=\"avia_inline_auto\" id=\"style-css-av-5oi5xi-24921937e4ee78eb9552fdbf67c05507\">\n.flex_column.av-5oi5xi-24921937e4ee78eb9552fdbf67c05507{\nborder-radius:0px 0px 0px 0px;\npadding:0px 0px 0px 0px;\n}\n<\/style>\n<div  class='flex_column av-5oi5xi-24921937e4ee78eb9552fdbf67c05507 av_one_full  avia-builder-el-4  el_after_av_one_full  el_before_av_one_full  first flex_column_div av-zero-column-padding  column-top-margin'     ><div  class='avia-video av-jpe33eqn-10da85dedf2fe4a79cf8b4f64e8d775c avia-video-16-9 av-no-preview-image avia-video-load-always avia-video-html5'  itemprop=\"video\" itemtype=\"https:\/\/schema.org\/VideoObject\"  data-original_url='https:\/\/stabalux.com\/wp-content\/uploads\/2018\/12\/Winnaars-Schrijnwerk-Awards-2018.mp4'><video class='avia_video'    preload=\"auto\"  controls id='player_11250_2132558003_710698784'><source src='https:\/\/stabalux.com\/wp-content\/uploads\/2018\/12\/Winnaars-Schrijnwerk-Awards-2018.mp4' type='video\/mp4' \/><\/video><\/div><\/div><\/p>\n\n<style type=\"text\/css\" data-created_by=\"avia_inline_auto\" id=\"style-css-av-321bdi-78d19e42b115c289a62eee7e541a616a\">\n.flex_column.av-321bdi-78d19e42b115c289a62eee7e541a616a{\nborder-radius:0px 0px 0px 0px;\npadding:0px 0px 0px 0px;\n}\n<\/style>\n<div  class='flex_column av-321bdi-78d19e42b115c289a62eee7e541a616a av_one_full  avia-builder-el-6  el_after_av_one_full  avia-builder-el-last  first flex_column_div av-zero-column-padding  column-top-margin'     ><div  class='av-social-sharing-box av-jj890lt2-4073002f48b049155cbb320f6bc1003f av-social-sharing-box-minimal  avia-builder-el-7  avia-builder-el-no-sibling  av-social-sharing-box-fullwidth'><div class=\"av-share-box\"><h5 class='av-share-link-description av-no-toc '>Share<\/h5><ul class=\"av-share-box-list noLightbox\"><li class='av-share-link av-social-link-facebook avia_social_iconfont' ><a target=\"_blank\" aria-label=\"Partager sur Facebook\" href='https:\/\/www.facebook.com\/sharer.php?u=https:\/\/stabalux.com\/fr\/jardin-dhiver\/&#038;t=Jardin%20d%E2%80%99hiver' data-av_icon='\ue8f3' data-av_iconfont='entypo-fontello'  title='' data-avia-related-tooltip='Partager sur Facebook'><span class='avia_hidden_link_text'>Partager sur Facebook<\/span><\/a><\/li><li class='av-share-link av-social-link-twitter avia_social_iconfont' ><a target=\"_blank\" aria-label=\"Partager sur X\" href='https:\/\/twitter.com\/share?text=Jardin%20d%E2%80%99hiver&#038;url=https:\/\/stabalux.com\/fr\/?p=11250' data-av_icon='\ue932' data-av_iconfont='entypo-fontello'  title='' data-avia-related-tooltip='Partager sur X'><span class='avia_hidden_link_text'>Partager sur X<\/span><\/a><\/li><li class='av-share-link av-social-link-pinterest avia_social_iconfont' ><a target=\"_blank\" aria-label=\"Partager sur Pinterest\" href='https:\/\/pinterest.com\/pin\/create\/button\/?url=https%3A%2F%2Fstabalux.com%2Ffr%2Fjardin-dhiver%2F&#038;description=Jardin%20d%E2%80%99hiver&#038;media=https%3A%2F%2Fstabalux.com%2Fwp-content%2Fuploads%2F2018%2F12%2FBilder-Beitrag-Wintergarten-Matata_5-705x456.png' data-av_icon='\ue8f8' data-av_iconfont='entypo-fontello'  title='' data-avia-related-tooltip='Partager sur Pinterest'><span class='avia_hidden_link_text'>Partager sur Pinterest<\/span><\/a><\/li><li class='av-share-link av-social-link-linkedin avia_social_iconfont' ><a target=\"_blank\" aria-label=\"Partager sur LinkedIn\" href='https:\/\/linkedin.com\/shareArticle?mini=true&#038;title=Jardin%20d%E2%80%99hiver&#038;url=https:\/\/stabalux.com\/fr\/jardin-dhiver\/' data-av_icon='\ue8fc' data-av_iconfont='entypo-fontello'  title='' data-avia-related-tooltip='Partager sur LinkedIn'><span class='avia_hidden_link_text'>Partager sur LinkedIn<\/span><\/a><\/li><li class='av-share-link av-social-link-mail avia_social_iconfont' ><a  aria-label=\"Partager par Mail\" href='mailto:?subject=Jardin%20d%E2%80%99hiver&#038;body=https:\/\/stabalux.com\/fr\/jardin-dhiver\/' data-av_icon='\ue805' data-av_iconfont='entypo-fontello'  title='' data-avia-related-tooltip='Partager par Mail'><span class='avia_hidden_link_text'>Partager par Mail<\/span><\/a><\/li><\/ul><\/div><\/div><\/div>\n","protected":false},"excerpt":{"rendered":"","protected":false},"author":1,"featured_media":11201,"comment_status":"closed","ping_status":"closed","sticky":false,"template":"","format":"standard","meta":{"footnotes":""},"categories":[56,57],"tags":[],"class_list":["post-11250","post","type-post","status-publish","format-standard","has-post-thumbnail","hentry","category-allgemein-3","category-allgemein-fr-2"],"yoast_head":"<!-- This site is optimized with the Yoast SEO plugin v27.5 - https:\/\/yoast.com\/product\/yoast-seo-wordpress\/ -->\n<title>Jardin d&#039;hiver | STABALUX<\/title>\n<meta name=\"robots\" content=\"index, follow, max-snippet:-1, max-image-preview:large, max-video-preview:-1\" \/>\n<link rel=\"canonical\" href=\"https:\/\/stabalux.com\/fr\/jardin-dhiver\/\" \/>\n<meta property=\"og:locale\" content=\"fr_FR\" \/>\n<meta property=\"og:type\" content=\"article\" \/>\n<meta property=\"og:title\" content=\"Jardin d&#039;hiver | STABALUX\" \/>\n<meta property=\"og:url\" content=\"https:\/\/stabalux.com\/fr\/jardin-dhiver\/\" \/>\n<meta property=\"og:site_name\" content=\"STABALUX\" \/>\n<meta property=\"article:published_time\" content=\"2018-12-07T13:46:44+00:00\" \/>\n<meta property=\"article:modified_time\" content=\"2025-03-31T22:25:03+00:00\" \/>\n<meta property=\"og:image\" content=\"https:\/\/stabalux.com\/wp-content\/uploads\/2018\/12\/Bilder-Beitrag-Wintergarten-Matata_5.png\" \/>\n\t<meta property=\"og:image:width\" content=\"974\" \/>\n\t<meta property=\"og:image:height\" content=\"630\" \/>\n\t<meta property=\"og:image:type\" content=\"image\/png\" \/>\n<meta name=\"author\" content=\"Admin\" \/>\n<meta name=\"twitter:label1\" content=\"\u00c9crit par\" \/>\n\t<meta name=\"twitter:data1\" content=\"Admin\" \/>\n\t<meta name=\"twitter:label2\" content=\"Dur\u00e9e de lecture estim\u00e9e\" \/>\n\t<meta name=\"twitter:data2\" content=\"3 minutes\" \/>\n<script type=\"application\/ld+json\" class=\"yoast-schema-graph\">{\"@context\":\"https:\\\/\\\/schema.org\",\"@graph\":[{\"@type\":\"Article\",\"@id\":\"https:\\\/\\\/stabalux.com\\\/fr\\\/jardin-dhiver\\\/#article\",\"isPartOf\":{\"@id\":\"https:\\\/\\\/stabalux.com\\\/fr\\\/jardin-dhiver\\\/\"},\"author\":{\"name\":\"Admin\",\"@id\":\"https:\\\/\\\/stabalux.com\\\/fr\\\/#\\\/schema\\\/person\\\/efa70c924ca9fb9dcfcb4de7ba3e9c4d\"},\"headline\":\"Jardin d&rsquo;hiver\",\"datePublished\":\"2018-12-07T13:46:44+00:00\",\"dateModified\":\"2025-03-31T22:25:03+00:00\",\"mainEntityOfPage\":{\"@id\":\"https:\\\/\\\/stabalux.com\\\/fr\\\/jardin-dhiver\\\/\"},\"wordCount\":506,\"publisher\":{\"@id\":\"https:\\\/\\\/stabalux.com\\\/fr\\\/#organization\"},\"image\":{\"@id\":\"https:\\\/\\\/stabalux.com\\\/fr\\\/jardin-dhiver\\\/#primaryimage\"},\"thumbnailUrl\":\"https:\\\/\\\/stabalux.com\\\/wp-content\\\/uploads\\\/2018\\\/12\\\/Bilder-Beitrag-Wintergarten-Matata_5.png\",\"articleSection\":[\"Allgemein\",\"Allgemein @fr\"],\"inLanguage\":\"fr-FR\"},{\"@type\":\"WebPage\",\"@id\":\"https:\\\/\\\/stabalux.com\\\/fr\\\/jardin-dhiver\\\/\",\"url\":\"https:\\\/\\\/stabalux.com\\\/fr\\\/jardin-dhiver\\\/\",\"name\":\"Jardin d'hiver | STABALUX\",\"isPartOf\":{\"@id\":\"https:\\\/\\\/stabalux.com\\\/fr\\\/#website\"},\"primaryImageOfPage\":{\"@id\":\"https:\\\/\\\/stabalux.com\\\/fr\\\/jardin-dhiver\\\/#primaryimage\"},\"image\":{\"@id\":\"https:\\\/\\\/stabalux.com\\\/fr\\\/jardin-dhiver\\\/#primaryimage\"},\"thumbnailUrl\":\"https:\\\/\\\/stabalux.com\\\/wp-content\\\/uploads\\\/2018\\\/12\\\/Bilder-Beitrag-Wintergarten-Matata_5.png\",\"datePublished\":\"2018-12-07T13:46:44+00:00\",\"dateModified\":\"2025-03-31T22:25:03+00:00\",\"breadcrumb\":{\"@id\":\"https:\\\/\\\/stabalux.com\\\/fr\\\/jardin-dhiver\\\/#breadcrumb\"},\"inLanguage\":\"fr-FR\",\"potentialAction\":[{\"@type\":\"ReadAction\",\"target\":[\"https:\\\/\\\/stabalux.com\\\/fr\\\/jardin-dhiver\\\/\"]}]},{\"@type\":\"ImageObject\",\"inLanguage\":\"fr-FR\",\"@id\":\"https:\\\/\\\/stabalux.com\\\/fr\\\/jardin-dhiver\\\/#primaryimage\",\"url\":\"https:\\\/\\\/stabalux.com\\\/wp-content\\\/uploads\\\/2018\\\/12\\\/Bilder-Beitrag-Wintergarten-Matata_5.png\",\"contentUrl\":\"https:\\\/\\\/stabalux.com\\\/wp-content\\\/uploads\\\/2018\\\/12\\\/Bilder-Beitrag-Wintergarten-Matata_5.png\",\"width\":974,\"height\":630},{\"@type\":\"BreadcrumbList\",\"@id\":\"https:\\\/\\\/stabalux.com\\\/fr\\\/jardin-dhiver\\\/#breadcrumb\",\"itemListElement\":[{\"@type\":\"ListItem\",\"position\":1,\"name\":\"Startseite\",\"item\":\"https:\\\/\\\/stabalux.com\\\/fr\\\/\"},{\"@type\":\"ListItem\",\"position\":2,\"name\":\"Jardin d&#8217;hiver\"}]},{\"@type\":\"WebSite\",\"@id\":\"https:\\\/\\\/stabalux.com\\\/fr\\\/#website\",\"url\":\"https:\\\/\\\/stabalux.com\\\/fr\\\/\",\"name\":\"STABALUX\",\"description\":\"\",\"publisher\":{\"@id\":\"https:\\\/\\\/stabalux.com\\\/fr\\\/#organization\"},\"potentialAction\":[{\"@type\":\"SearchAction\",\"target\":{\"@type\":\"EntryPoint\",\"urlTemplate\":\"https:\\\/\\\/stabalux.com\\\/fr\\\/?s={search_term_string}\"},\"query-input\":{\"@type\":\"PropertyValueSpecification\",\"valueRequired\":true,\"valueName\":\"search_term_string\"}}],\"inLanguage\":\"fr-FR\"},{\"@type\":\"Organization\",\"@id\":\"https:\\\/\\\/stabalux.com\\\/fr\\\/#organization\",\"name\":\"Stabalux GmbH\",\"url\":\"https:\\\/\\\/stabalux.com\\\/fr\\\/\",\"logo\":{\"@type\":\"ImageObject\",\"inLanguage\":\"fr-FR\",\"@id\":\"https:\\\/\\\/stabalux.com\\\/fr\\\/#\\\/schema\\\/logo\\\/image\\\/\",\"url\":null,\"contentUrl\":null,\"width\":null,\"height\":null,\"caption\":\"Stabalux GmbH\"},\"image\":{\"@id\":\"https:\\\/\\\/stabalux.com\\\/fr\\\/#\\\/schema\\\/logo\\\/image\\\/\"},\"sameAs\":[\"https:\\\/\\\/www.instagram.com\\\/stabalux\\\/\",\"https:\\\/\\\/www.pinterest.de\\\/stabaluxgmbh\\\/\"]},{\"@type\":\"Person\",\"@id\":\"https:\\\/\\\/stabalux.com\\\/fr\\\/#\\\/schema\\\/person\\\/efa70c924ca9fb9dcfcb4de7ba3e9c4d\",\"name\":\"Admin\",\"sameAs\":[\"https:\\\/\\\/stabalux.com\"]}]}<\/script>\n<!-- \/ Yoast SEO plugin. -->","yoast_head_json":{"title":"Jardin d'hiver | STABALUX","robots":{"index":"index","follow":"follow","max-snippet":"max-snippet:-1","max-image-preview":"max-image-preview:large","max-video-preview":"max-video-preview:-1"},"canonical":"https:\/\/stabalux.com\/fr\/jardin-dhiver\/","og_locale":"fr_FR","og_type":"article","og_title":"Jardin d'hiver | STABALUX","og_url":"https:\/\/stabalux.com\/fr\/jardin-dhiver\/","og_site_name":"STABALUX","article_published_time":"2018-12-07T13:46:44+00:00","article_modified_time":"2025-03-31T22:25:03+00:00","og_image":[{"width":974,"height":630,"url":"https:\/\/stabalux.com\/wp-content\/uploads\/2018\/12\/Bilder-Beitrag-Wintergarten-Matata_5.png","type":"image\/png"}],"author":"Admin","twitter_misc":{"\u00c9crit par":"Admin","Dur\u00e9e de lecture estim\u00e9e":"3 minutes"},"schema":{"@context":"https:\/\/schema.org","@graph":[{"@type":"Article","@id":"https:\/\/stabalux.com\/fr\/jardin-dhiver\/#article","isPartOf":{"@id":"https:\/\/stabalux.com\/fr\/jardin-dhiver\/"},"author":{"name":"Admin","@id":"https:\/\/stabalux.com\/fr\/#\/schema\/person\/efa70c924ca9fb9dcfcb4de7ba3e9c4d"},"headline":"Jardin d&rsquo;hiver","datePublished":"2018-12-07T13:46:44+00:00","dateModified":"2025-03-31T22:25:03+00:00","mainEntityOfPage":{"@id":"https:\/\/stabalux.com\/fr\/jardin-dhiver\/"},"wordCount":506,"publisher":{"@id":"https:\/\/stabalux.com\/fr\/#organization"},"image":{"@id":"https:\/\/stabalux.com\/fr\/jardin-dhiver\/#primaryimage"},"thumbnailUrl":"https:\/\/stabalux.com\/wp-content\/uploads\/2018\/12\/Bilder-Beitrag-Wintergarten-Matata_5.png","articleSection":["Allgemein","Allgemein @fr"],"inLanguage":"fr-FR"},{"@type":"WebPage","@id":"https:\/\/stabalux.com\/fr\/jardin-dhiver\/","url":"https:\/\/stabalux.com\/fr\/jardin-dhiver\/","name":"Jardin d'hiver | STABALUX","isPartOf":{"@id":"https:\/\/stabalux.com\/fr\/#website"},"primaryImageOfPage":{"@id":"https:\/\/stabalux.com\/fr\/jardin-dhiver\/#primaryimage"},"image":{"@id":"https:\/\/stabalux.com\/fr\/jardin-dhiver\/#primaryimage"},"thumbnailUrl":"https:\/\/stabalux.com\/wp-content\/uploads\/2018\/12\/Bilder-Beitrag-Wintergarten-Matata_5.png","datePublished":"2018-12-07T13:46:44+00:00","dateModified":"2025-03-31T22:25:03+00:00","breadcrumb":{"@id":"https:\/\/stabalux.com\/fr\/jardin-dhiver\/#breadcrumb"},"inLanguage":"fr-FR","potentialAction":[{"@type":"ReadAction","target":["https:\/\/stabalux.com\/fr\/jardin-dhiver\/"]}]},{"@type":"ImageObject","inLanguage":"fr-FR","@id":"https:\/\/stabalux.com\/fr\/jardin-dhiver\/#primaryimage","url":"https:\/\/stabalux.com\/wp-content\/uploads\/2018\/12\/Bilder-Beitrag-Wintergarten-Matata_5.png","contentUrl":"https:\/\/stabalux.com\/wp-content\/uploads\/2018\/12\/Bilder-Beitrag-Wintergarten-Matata_5.png","width":974,"height":630},{"@type":"BreadcrumbList","@id":"https:\/\/stabalux.com\/fr\/jardin-dhiver\/#breadcrumb","itemListElement":[{"@type":"ListItem","position":1,"name":"Startseite","item":"https:\/\/stabalux.com\/fr\/"},{"@type":"ListItem","position":2,"name":"Jardin d&#8217;hiver"}]},{"@type":"WebSite","@id":"https:\/\/stabalux.com\/fr\/#website","url":"https:\/\/stabalux.com\/fr\/","name":"STABALUX","description":"","publisher":{"@id":"https:\/\/stabalux.com\/fr\/#organization"},"potentialAction":[{"@type":"SearchAction","target":{"@type":"EntryPoint","urlTemplate":"https:\/\/stabalux.com\/fr\/?s={search_term_string}"},"query-input":{"@type":"PropertyValueSpecification","valueRequired":true,"valueName":"search_term_string"}}],"inLanguage":"fr-FR"},{"@type":"Organization","@id":"https:\/\/stabalux.com\/fr\/#organization","name":"Stabalux GmbH","url":"https:\/\/stabalux.com\/fr\/","logo":{"@type":"ImageObject","inLanguage":"fr-FR","@id":"https:\/\/stabalux.com\/fr\/#\/schema\/logo\/image\/","url":null,"contentUrl":null,"width":null,"height":null,"caption":"Stabalux GmbH"},"image":{"@id":"https:\/\/stabalux.com\/fr\/#\/schema\/logo\/image\/"},"sameAs":["https:\/\/www.instagram.com\/stabalux\/","https:\/\/www.pinterest.de\/stabaluxgmbh\/"]},{"@type":"Person","@id":"https:\/\/stabalux.com\/fr\/#\/schema\/person\/efa70c924ca9fb9dcfcb4de7ba3e9c4d","name":"Admin","sameAs":["https:\/\/stabalux.com"]}]}},"_links":{"self":[{"href":"https:\/\/stabalux.com\/fr\/wp-json\/wp\/v2\/posts\/11250","targetHints":{"allow":["GET"]}}],"collection":[{"href":"https:\/\/stabalux.com\/fr\/wp-json\/wp\/v2\/posts"}],"about":[{"href":"https:\/\/stabalux.com\/fr\/wp-json\/wp\/v2\/types\/post"}],"author":[{"embeddable":true,"href":"https:\/\/stabalux.com\/fr\/wp-json\/wp\/v2\/users\/1"}],"replies":[{"embeddable":true,"href":"https:\/\/stabalux.com\/fr\/wp-json\/wp\/v2\/comments?post=11250"}],"version-history":[{"count":1,"href":"https:\/\/stabalux.com\/fr\/wp-json\/wp\/v2\/posts\/11250\/revisions"}],"predecessor-version":[{"id":13650,"href":"https:\/\/stabalux.com\/fr\/wp-json\/wp\/v2\/posts\/11250\/revisions\/13650"}],"wp:featuredmedia":[{"embeddable":true,"href":"https:\/\/stabalux.com\/fr\/wp-json\/wp\/v2\/media\/11201"}],"wp:attachment":[{"href":"https:\/\/stabalux.com\/fr\/wp-json\/wp\/v2\/media?parent=11250"}],"wp:term":[{"taxonomy":"category","embeddable":true,"href":"https:\/\/stabalux.com\/fr\/wp-json\/wp\/v2\/categories?post=11250"},{"taxonomy":"post_tag","embeddable":true,"href":"https:\/\/stabalux.com\/fr\/wp-json\/wp\/v2\/tags?post=11250"}],"curies":[{"name":"wp","href":"https:\/\/api.w.org\/{rel}","templated":true}]}}